{"id":239,"date":"2025-12-08T10:59:47","date_gmt":"2025-12-08T09:59:47","guid":{"rendered":"https:\/\/citadinisulidarii.org\/?p=239"},"modified":"2025-12-08T11:00:29","modified_gmt":"2025-12-08T10:00:29","slug":"rdv-citoyen-7-12-25-u-sbirru","status":"publish","type":"post","link":"https:\/\/citadinisulidarii.org\/?p=239","title":{"rendered":"RDV CITOYEN 7\/12\/25 : U Sbirru"},"content":{"rendered":"\t\t<div data-elementor-type=\"wp-post\" data-elementor-id=\"239\" class=\"elementor elementor-239\">\n\t\t\t\t<div class=\"elementor-element elementor-element-f3181f3 e-flex e-con-boxed e-con e-parent\" data-id=\"f3181f3\" data-element_type=\"container\">\n\t\t\t\t\t<div class=\"e-con-inner\">\n\t\t\t\t<div class=\"elementor-element elementor-element-d1da00b elementor-widget elementor-widget-text-editor\" data-id=\"d1da00b\" data-element_type=\"widget\" data-widget_type=\"text-editor.default\">\n\t\t\t\t\t\t\t\t\t<p>Succ\u00e8s pour le second rendez vous citoyen de CITADINI SULIDARII \u00e0 Algajola . Spuntinu pour discuter des prochaines th\u00e9matiques, conf\u00e9rence de l&rsquo;association U Sbirru et projection du film \u00a0\u00bb le vivant qui se d\u00e9fend\u00a0\u00bb.<\/p><p>Pour les th\u00e9matiques abord\u00e9s, il a \u00e9t\u00e9 not\u00e9 et discut\u00e9 de journ\u00e9es possibles autour : le d\u00e9sert m\u00e9dical, les droits de l&rsquo;enfant,\u00a0 l&rsquo;intelligence et plus particuli\u00e8rement l\u00a0\u00bbintelligence artificielle \u00ab\u00a0, l&rsquo;\u00e9co-mobilit\u00e9 avec les pistes cyclables , la langue corse . Il a \u00e9t\u00e9 retenu qu&rsquo;au mois de mars, en partenariat avec Entraide et Sintinelle pour la Journ\u00e9e internationale de la femme, nous organiserions une projection du film TU N&rsquo;ES PAS SEULE de Julie Perreard.\u00a0<\/p><p>Bel expos\u00e9 ensuite de Paul Dalongeville et Pierre Casanova autour de leur travail avec U SBIRRU \u00e0 Olmi Capella . L&rsquo;int\u00e9gral est \u00e0 \u00e9couter sur notre chaine Youtube <strong><a href=\"https:\/\/youtu.be\/vxSnLiO0-zI\">ICI<\/a><\/strong> .<\/p><p>Projection ensuite du film LE VIVANT qui se DEFEND suivie d&rsquo;une discussion sur le film et aussi sur les moyens d&rsquo;action pour s&rsquo;opposer aux projets destructeurs du vivant . A suivre donc, particuli\u00e8rement localement autour du Tavignanu !\u00a0<\/p><p>Prochain Rdv le dimanche 18 janvier 2026 \u00e0 algajola &#8230;\u00a0<\/p>\t\t\t\t\t\t\t\t<\/div>\n\t\t\t\t\t<\/div>\n\t\t\t\t<\/div>\n\t\t<div class=\"elementor-element elementor-element-1c01bcc e-grid e-con-boxed e-con e-parent\" data-id=\"1c01bcc\" data-element_type=\"container\">\n\t\t\t\t\t<div class=\"e-con-inner\">\n\t\t\t\t<div class=\"elementor-element elementor-element-3065e96 elementor-widget elementor-widget-image\" data-id=\"3065e96\" data-element_type=\"widget\" data-widget_type=\"image.default\">\n\t\t\t\t\t\t\t\t\t\t\t\t\t\t\t<img fetchpriority=\"high\" decoding=\"async\" width=\"900\" height=\"675\" src=\"https:\/\/citadinisulidarii.org\/wp-content\/uploads\/2025\/12\/IMG_6567-1024x768.jpeg\" class=\"attachment-large size-large wp-image-241\" alt=\"\" srcset=\"https:\/\/citadinisulidarii.org\/wp-content\/uploads\/2025\/12\/IMG_6567-1024x768.jpeg 1024w, https:\/\/citadinisulidarii.org\/wp-content\/uploads\/2025\/12\/IMG_6567-300x225.jpeg 300w, https:\/\/citadinisulidarii.org\/wp-content\/uploads\/2025\/12\/IMG_6567-768x576.jpeg 768w, https:\/\/citadinisulidarii.org\/wp-content\/uploads\/2025\/12\/IMG_6567-1536x1152.jpeg 1536w, https:\/\/citadinisulidarii.org\/wp-content\/uploads\/2025\/12\/IMG_6567-2048x1536.jpeg 2048w, https:\/\/citadinisulidarii.org\/wp-content\/uploads\/2025\/12\/IMG_6567-400x300.jpeg 400w, https:\/\/citadinisulidarii.org\/wp-content\/uploads\/2025\/12\/IMG_6567-600x450.jpeg 600w\" sizes=\"(max-width: 900px) 100vw, 900px\" \/>\t\t\t\t\t\t\t\t\t\t\t\t\t\t\t<\/div>\n\t\t\t\t<div class=\"elementor-element elementor-element-b1eb7bc elementor-widget elementor-widget-image\" data-id=\"b1eb7bc\" data-element_type=\"widget\" data-widget_type=\"image.default\">\n\t\t\t\t\t\t\t\t\t\t\t\t\t\t\t<img decoding=\"async\" width=\"900\" height=\"675\" src=\"https:\/\/citadinisulidarii.org\/wp-content\/uploads\/2025\/12\/IMG_6564-1024x768.jpeg\" class=\"attachment-large size-large wp-image-242\" alt=\"\" srcset=\"https:\/\/citadinisulidarii.org\/wp-content\/uploads\/2025\/12\/IMG_6564-1024x768.jpeg 1024w, https:\/\/citadinisulidarii.org\/wp-content\/uploads\/2025\/12\/IMG_6564-300x225.jpeg 300w, https:\/\/citadinisulidarii.org\/wp-content\/uploads\/2025\/12\/IMG_6564-768x576.jpeg 768w, https:\/\/citadinisulidarii.org\/wp-content\/uploads\/2025\/12\/IMG_6564-1536x1152.jpeg 1536w, https:\/\/citadinisulidarii.org\/wp-content\/uploads\/2025\/12\/IMG_6564-2048x1536.jpeg 2048w, https:\/\/citadinisulidarii.org\/wp-content\/uploads\/2025\/12\/IMG_6564-400x300.jpeg 400w, https:\/\/citadinisulidarii.org\/wp-content\/uploads\/2025\/12\/IMG_6564-600x450.jpeg 600w\" sizes=\"(max-width: 900px) 100vw, 900px\" \/>\t\t\t\t\t\t\t\t\t\t\t\t\t\t\t<\/div>\n\t\t\t\t\t<\/div>\n\t\t\t\t<\/div>\n\t\t\t\t<\/div>\n\t\t","protected":false},"excerpt":{"rendered":"<p>Succ\u00e8s pour le second rendez vous citoyen de CITADINI SULIDARII \u00e0 Algajola . Spuntinu pour discuter des prochaines th\u00e9matiques, conf\u00e9rence de l&rsquo;association U Sbirru et projection du film \u00a0\u00bb le vivant qui se d\u00e9fend\u00a0\u00bb. Pour les th\u00e9matiques abord\u00e9s, il a \u00e9t\u00e9 not\u00e9 et discut\u00e9 de journ\u00e9es possibles autour : le d\u00e9sert m\u00e9dical, les droits de [&hellip;]<\/p>\n","protected":false},"author":1,"featured_media":228,"comment_status":"open","ping_status":"open","sticky":false,"template":"","format":"standard","meta":{"footnotes":""},"categories":[1],"tags":[],"class_list":["post-239","post","type-post","status-publish","format-standard","has-post-thumbnail","hentry","category-non-classe"],"_links":{"self":[{"href":"https:\/\/citadinisulidarii.org\/index.php?rest_route=\/wp\/v2\/posts\/239","targetHints":{"allow":["GET"]}}],"collection":[{"href":"https:\/\/citadinisulidarii.org\/index.php?rest_route=\/wp\/v2\/posts"}],"about":[{"href":"https:\/\/citadinisulidarii.org\/index.php?rest_route=\/wp\/v2\/types\/post"}],"author":[{"embeddable":true,"href":"https:\/\/citadinisulidarii.org\/index.php?rest_route=\/wp\/v2\/users\/1"}],"replies":[{"embeddable":true,"href":"https:\/\/citadinisulidarii.org\/index.php?rest_route=%2Fwp%2Fv2%2Fcomments&post=239"}],"version-history":[{"count":4,"href":"https:\/\/citadinisulidarii.org\/index.php?rest_route=\/wp\/v2\/posts\/239\/revisions"}],"predecessor-version":[{"id":245,"href":"https:\/\/citadinisulidarii.org\/index.php?rest_route=\/wp\/v2\/posts\/239\/revisions\/245"}],"wp:featuredmedia":[{"embeddable":true,"href":"https:\/\/citadinisulidarii.org\/index.php?rest_route=\/wp\/v2\/media\/228"}],"wp:attachment":[{"href":"https:\/\/citadinisulidarii.org\/index.php?rest_route=%2Fwp%2Fv2%2Fmedia&parent=239"}],"wp:term":[{"taxonomy":"category","embeddable":true,"href":"https:\/\/citadinisulidarii.org\/index.php?rest_route=%2Fwp%2Fv2%2Fcategories&post=239"},{"taxonomy":"post_tag","embeddable":true,"href":"https:\/\/citadinisulidarii.org\/index.php?rest_route=%2Fwp%2Fv2%2Ftags&post=239"}],"curies":[{"name":"wp","href":"https:\/\/api.w.org\/{rel}","templated":true}]}}