{"id":274,"date":"2026-01-04T15:11:21","date_gmt":"2026-01-04T14:11:21","guid":{"rendered":"https:\/\/citadinisulidarii.org\/?p=274"},"modified":"2026-01-05T14:35:23","modified_gmt":"2026-01-05T13:35:23","slug":"la-laicite-selon-marie-accomiato","status":"publish","type":"post","link":"https:\/\/citadinisulidarii.org\/?p=274","title":{"rendered":"la la\u00efcit\u00e9 selon.. Marie Accomiato"},"content":{"rendered":"\t\t<div data-elementor-type=\"wp-post\" data-elementor-id=\"274\" class=\"elementor elementor-274\">\n\t\t\t\t<div class=\"elementor-element elementor-element-489bdd5 e-flex e-con-boxed e-con e-parent\" data-id=\"489bdd5\" data-element_type=\"container\">\n\t\t\t\t\t<div class=\"e-con-inner\">\n\t\t\t\t<div class=\"elementor-element elementor-element-0a6d170 elementor-widget elementor-widget-text-editor\" data-id=\"0a6d170\" data-element_type=\"widget\" data-widget_type=\"text-editor.default\">\n\t\t\t\t\t\t\t\t\t<p>La la\u00efcit\u00e9<\/p><div>Un \u00e9tat la\u00efc observe une s\u00e9paration avec les \u00e9glises c\u2019est le cas en France depuis la loi de 1905 qui nous reconna\u00eet la libert\u00e9 religieuse et la R\u00e9publique assure la libert\u00e9 de conscience.<\/div><div>La libert\u00e9 de pratiquer un culte ou de l\u2019abandonner, la protection de la libert\u00e9 religieuse, le respect du pluralisme et la neutralit\u00e9 de l\u2019\u00e9tat.<\/div><div>Dans les faits, l\u2019\u00e9tat n\u2019ayant plus de religion sa neutralit\u00e9 devient une garantie suppl\u00e9mentaire pour l\u2019\u00e9galit\u00e9 des citoyens.<\/div><div>\u00a0<\/div><div><div>Je suis ath\u00e9e, \u00e9lev\u00e9e dans une famille de rapatri\u00e9s d\u2019Alg\u00e9rie d\u2019origine italienne dont les anc\u00eatres \u00e9taient catholiques pratiquants mais depuis la pratique du culte n\u2019est qu\u2019un vague souvenir.<\/div><div>J\u2019ai eu l\u2019occasion de voyager un peu dans mon activit\u00e9 de photographe et j\u2019avoue que les manifestations religieuses que j\u2019ai observ\u00e9es ou photographi\u00e9es m\u2019ont toujours fascin\u00e9es de la transe soufie \u00e0 l\u2019adoration du panth\u00e9on hindou et ses 3000 divinit\u00e9s, j\u2019y \u00e9tais sensible parfois troubl\u00e9e par une gr\u00e2ce qui me d\u00e9passait.\u00a0<\/div><div>Dans ma maison j\u2019ai des petites divinit\u00e9s tels des gris-gris qui me rappellent ces personnes que j\u2019ai crois\u00e9es qui me parl\u00e8rent de leur Dieu observant l\u2019\u00e9tonnement dans leur regard quand curieux de la religion que j\u2019aurais pu pratiquer, je r\u00e9pondais \u00ab sans religion \u00bb, comment est ce possible?<\/div><div>\u00a0<\/div><div>J\u2019ai \u00e9t\u00e9 \u00e9lev\u00e9e \u00e0 l\u2019\u00e9cole la\u00efque de la r\u00e9publique, j\u2019assiste aussi au retour du religieux chez nous et ailleurs, que s\u2019est il pass\u00e9? un refuge pour certains? la d\u00e9fiance envers l\u2019autre? Une soci\u00e9t\u00e9 trop insecure qui ne prot\u00e8ge pas ses citoyens?<\/div><\/div>\t\t\t\t\t\t\t\t<\/div>\n\t\t\t\t\t<\/div>\n\t\t\t\t<\/div>\n\t\t\t\t<\/div>\n\t\t","protected":false},"excerpt":{"rendered":"<p>La la\u00efcit\u00e9 Un \u00e9tat la\u00efc observe une s\u00e9paration avec les \u00e9glises c\u2019est le cas en France depuis la loi de 1905 qui nous reconna\u00eet la libert\u00e9 religieuse et la R\u00e9publique assure la libert\u00e9 de conscience.La libert\u00e9 de pratiquer un culte ou de l\u2019abandonner, la protection de la libert\u00e9 religieuse, le respect du pluralisme et la [&hellip;]<\/p>\n","protected":false},"author":1,"featured_media":0,"comment_status":"open","ping_status":"open","sticky":false,"template":"","format":"standard","meta":{"footnotes":""},"categories":[1],"tags":[],"class_list":["post-274","post","type-post","status-publish","format-standard","hentry","category-non-classe"],"_links":{"self":[{"href":"https:\/\/citadinisulidarii.org\/index.php?rest_route=\/wp\/v2\/posts\/274","targetHints":{"allow":["GET"]}}],"collection":[{"href":"https:\/\/citadinisulidarii.org\/index.php?rest_route=\/wp\/v2\/posts"}],"about":[{"href":"https:\/\/citadinisulidarii.org\/index.php?rest_route=\/wp\/v2\/types\/post"}],"author":[{"embeddable":true,"href":"https:\/\/citadinisulidarii.org\/index.php?rest_route=\/wp\/v2\/users\/1"}],"replies":[{"embeddable":true,"href":"https:\/\/citadinisulidarii.org\/index.php?rest_route=%2Fwp%2Fv2%2Fcomments&post=274"}],"version-history":[{"count":10,"href":"https:\/\/citadinisulidarii.org\/index.php?rest_route=\/wp\/v2\/posts\/274\/revisions"}],"predecessor-version":[{"id":301,"href":"https:\/\/citadinisulidarii.org\/index.php?rest_route=\/wp\/v2\/posts\/274\/revisions\/301"}],"wp:attachment":[{"href":"https:\/\/citadinisulidarii.org\/index.php?rest_route=%2Fwp%2Fv2%2Fmedia&parent=274"}],"wp:term":[{"taxonomy":"category","embeddable":true,"href":"https:\/\/citadinisulidarii.org\/index.php?rest_route=%2Fwp%2Fv2%2Fcategories&post=274"},{"taxonomy":"post_tag","embeddable":true,"href":"https:\/\/citadinisulidarii.org\/index.php?rest_route=%2Fwp%2Fv2%2Ftags&post=274"}],"curies":[{"name":"wp","href":"https:\/\/api.w.org\/{rel}","templated":true}]}}