{"id":279,"date":"2026-01-04T15:15:04","date_gmt":"2026-01-04T14:15:04","guid":{"rendered":"https:\/\/citadinisulidarii.org\/?p=279"},"modified":"2026-01-06T12:49:26","modified_gmt":"2026-01-06T11:49:26","slug":"la-laicite-selon-lise-alchami","status":"publish","type":"post","link":"https:\/\/citadinisulidarii.org\/?p=279","title":{"rendered":"\u00c9bauche d&rsquo;une d\u00e9finition de la la\u00efcit\u00e9 apr\u00e8s consultation de sites officiels"},"content":{"rendered":"\t\t<div data-elementor-type=\"wp-post\" data-elementor-id=\"279\" class=\"elementor elementor-279\">\n\t\t\t\t<div class=\"elementor-element elementor-element-8157bea e-flex e-con-boxed e-con e-parent\" data-id=\"8157bea\" data-element_type=\"container\">\n\t\t\t\t\t<div class=\"e-con-inner\">\n\t\t\t\t<div class=\"elementor-element elementor-element-1ea5183 elementor-widget elementor-widget-text-editor\" data-id=\"1ea5183\" data-element_type=\"widget\" data-widget_type=\"text-editor.default\">\n\t\t\t\t\t\t\t\t\t<p class=\"gmail-western\" align=\"left\"><span style=\"font-family: Andalus, serif;\"><span style=\"font-size: small;\">En novembre 2025, sera c\u00e9l\u00e9br\u00e9 le 120<\/span><\/span><sup><span style=\"font-family: Andalus, serif;\"><span style=\"font-size: small;\">e<\/span><\/span><\/sup> <span style=\"font-family: Andalus, serif;\"><span style=\"font-size: small;\">anniversaire de la loi de 1905 dite de s\u00e9paration des \u00c9glises et de l\u2019\u00c9tat. N\u00e9anmoins, le concept de <\/span><\/span><span style=\"font-family: Andalus, serif;\"><span style=\"font-size: small;\">la\u00efcit\u00e9 reste confus\u00a0pour beaucoup de gens. <\/span><\/span><\/p><p class=\"gmail-western\" align=\"left\"><span style=\"font-family: Andalus, serif;\"><span style=\"font-size: small;\"><b>Qu\u2019est-ce que la la\u00efcit\u00e9\u00a0?<\/b><\/span><\/span><\/p><p class=\"gmail-western\" align=\"left\"><span style=\"font-family: Andalus, serif;\"><span style=\"font-size: small;\">La la\u00efcit\u00e9 <\/span><\/span><span style=\"font-family: Andalus, serif;\"><span style=\"font-size: small;\">assure aussi bien le droit d\u2019avoir ou de ne pas avoir de religion, d\u2019en changer ou de ne plus en avoir. Le principe de<\/span><\/span><span style=\"font-family: Andalus, serif;\"><span style=\"font-size: small;\"> la\u00efcit\u00e9, inscrit dans la Constitution, garantit la libert\u00e9 de conscience, assure aux croyants et aux non-croyants le m\u00eame droit \u00e0 la libre expression de leurs croyances ou convictions et permet, par la s\u00e9paration des \u00c9glises et de l\u2019\u00c9tat et la neutralit\u00e9 de la puissance publique, l\u2019\u00e9galit\u00e9 de tous devant la loi sans distinction de religion ou de conviction.<\/span><\/span><\/p><p class=\"gmail-western\" align=\"left\"><span style=\"font-family: Andalus, serif;\"><span style=\"font-size: small;\">La la\u00efcit\u00e9 n&rsquo;est pas une opinion parmi d&rsquo;autres mais la libert\u00e9 d&rsquo;en avoir une. Elle n&rsquo;est pas une conviction mais le principe qui les autorise toutes, sous r\u00e9serve du respect de l\u2019ordre public. Si l<\/span><\/span><span style=\"font-family: Andalus, serif;\"><span style=\"font-size: small;\"><span lang=\"fr-FR\">&lsquo;ath\u00e9isme r\u00e9fute l&rsquo;existence d&rsquo;un dieu, l\u2019\u00c9tat la\u00efque ne se prononce pas sur cette question, il offre un cadre protecteur <\/span><\/span><\/span><span style=\"font-family: Andalus, serif;\"><span style=\"font-size: small;\"><span lang=\"fr-FR\">qui permet \u00e0 tous, dans le respect de la loi, de croire, de ne pas croire, de ne plus croire, de changer de religion et de pratiquer un culte.<\/span><\/span><\/span><\/p><p class=\"gmail-western\" align=\"left\"><span style=\"font-family: Andalus, serif;\"><span style=\"font-size: small;\"><b>Bon \u00e0 savoir<\/b><\/span><\/span><\/p><p class=\"gmail-western\" align=\"left\"><span style=\"font-family: Andalus, serif;\"><span style=\"font-size: small;\"><i>\u00ab\u00a0Nul ne doit \u00eatre inqui\u00e9t\u00e9 pour ses opinions, m\u00eame religieuses, pourvu que leur manifestation ne trouble pas l\u2019ordre public \u00e9tabli par la loi\u00a0\u00bb<\/i><\/span><\/span><span style=\"font-family: Andalus, serif;\"><span style=\"font-size: small;\">.<\/span><\/span><\/p><p class=\"gmail-western\" align=\"left\"><span style=\"font-family: Andalus, serif;\"><span style=\"font-size: small;\"><b>D\u00e9claration des droits de l\u2019Homme et du Citoyen du 26 ao\u00fbt 1789<\/b><\/span><\/span><\/p><p class=\"gmail-western\" align=\"left\"><span style=\"font-family: Andalus, serif;\"><span style=\"font-size: small;\"><i>\u00ab\u00a0La R\u00e9publique assure la libert\u00e9 de conscience. Elle garantit le libre exercice des cultes sous les seules restrictions \u00e9dict\u00e9es ci-apr\u00e8s dans l\u2019int\u00e9r\u00eat de l\u2019ordre public\u00a0\u00bb.<\/i><\/span><\/span><\/p><p class=\"gmail-western\" align=\"left\"><span style=\"font-family: Andalus, serif;\"><span style=\"font-size: small;\"><b>Article 1 de la loi 1905<\/b><\/span><\/span><\/p><p class=\"gmail-western\" align=\"left\"><span style=\"font-family: Andalus, serif;\"><span style=\"font-size: small;\"><i>\u00ab\u00a0La R\u00e9publique ne reconna\u00eet, ne salarie ni ne subventionne aucun culte\u00a0\u00bb.<\/i><\/span><\/span><\/p><p class=\"gmail-western\" align=\"left\"><span style=\"font-family: Andalus, serif;\"><span style=\"font-size: small;\"><b>Article 2 alin\u00e9a 1 de la loi 1905<\/b><\/span><\/span><\/p><p class=\"gmail-western\" align=\"left\"><span style=\"font-family: Andalus, serif;\"><span style=\"font-size: small;\"><i>\u00ab\u00a0La France est une R\u00e9publique indivisible, la\u00efque, d\u00e9mocratique et sociale\u00a0\u00bb<\/i><\/span><\/span><span style=\"font-family: Andalus, serif;\"><span style=\"font-size: small;\">.<\/span><\/span><\/p><p class=\"gmail-western\" align=\"left\"><span style=\"font-family: Andalus, serif;\"><span style=\"font-size: small;\"><b>Constitution du 4 octobre 1958<\/b><\/span><\/span><\/p><p class=\"gmail-western\" align=\"left\"><span style=\"font-family: Andalus, serif;\"><span style=\"font-size: small;\"><b>Une vid\u00e9o <\/b><span style=\"color: #000000;\">( une erreur \u00e0 corriger, le XVIIIe si\u00e8cle est le si\u00e8cle des Lumi\u00e8res et non pas le XVIIe)<\/span><\/span><\/span><\/p><p class=\"gmail-western\" align=\"left\"><span style=\"color: #000080;\"><u><a href=\"https:\/\/www.youtube.com\/watch?v=bBmcZFrj18A\"><span style=\"font-family: Andalus, serif;\"><span style=\"font-size: small;\"><b>https:\/\/www.youtube.com\/watch?v=bBmcZFrj18A<\/b><\/span><\/span><\/a><\/u><\/span><\/p>\t\t\t\t\t\t\t\t<\/div>\n\t\t\t\t\t<\/div>\n\t\t\t\t<\/div>\n\t\t\t\t<\/div>\n\t\t","protected":false},"excerpt":{"rendered":"<p>\u00c9bauche d&rsquo;une d\u00e9finition de la la\u00efcit\u00e9 apr\u00e8s consultation de sites officiels ?&nbsp; Un peu long mais juste&nbsp; \u00c9bauche d&rsquo;une d\u00e9finition de la la\u00efcit\u00e9 apr\u00e8s consultation de sites officiels ?&nbsp; Un peu long mais juste&nbsp; En novembre 2025, sera c\u00e9l\u00e9br\u00e9 le 120e anniversaire de la loi de 1905 dite de s\u00e9paration des \u00c9glises et de l\u2019\u00c9tat. [&hellip;]<\/p>\n","protected":false},"author":1,"featured_media":0,"comment_status":"open","ping_status":"open","sticky":false,"template":"","format":"standard","meta":{"footnotes":""},"categories":[18],"tags":[],"class_list":["post-279","post","type-post","status-publish","format-standard","hentry","category-laicite"],"_links":{"self":[{"href":"https:\/\/citadinisulidarii.org\/index.php?rest_route=\/wp\/v2\/posts\/279","targetHints":{"allow":["GET"]}}],"collection":[{"href":"https:\/\/citadinisulidarii.org\/index.php?rest_route=\/wp\/v2\/posts"}],"about":[{"href":"https:\/\/citadinisulidarii.org\/index.php?rest_route=\/wp\/v2\/types\/post"}],"author":[{"embeddable":true,"href":"https:\/\/citadinisulidarii.org\/index.php?rest_route=\/wp\/v2\/users\/1"}],"replies":[{"embeddable":true,"href":"https:\/\/citadinisulidarii.org\/index.php?rest_route=%2Fwp%2Fv2%2Fcomments&post=279"}],"version-history":[{"count":6,"href":"https:\/\/citadinisulidarii.org\/index.php?rest_route=\/wp\/v2\/posts\/279\/revisions"}],"predecessor-version":[{"id":304,"href":"https:\/\/citadinisulidarii.org\/index.php?rest_route=\/wp\/v2\/posts\/279\/revisions\/304"}],"wp:attachment":[{"href":"https:\/\/citadinisulidarii.org\/index.php?rest_route=%2Fwp%2Fv2%2Fmedia&parent=279"}],"wp:term":[{"taxonomy":"category","embeddable":true,"href":"https:\/\/citadinisulidarii.org\/index.php?rest_route=%2Fwp%2Fv2%2Fcategories&post=279"},{"taxonomy":"post_tag","embeddable":true,"href":"https:\/\/citadinisulidarii.org\/index.php?rest_route=%2Fwp%2Fv2%2Ftags&post=279"}],"curies":[{"name":"wp","href":"https:\/\/api.w.org\/{rel}","templated":true}]}}