{"id":318,"date":"2026-01-14T10:27:13","date_gmt":"2026-01-14T09:27:13","guid":{"rendered":"https:\/\/citadinisulidarii.org\/?p=318"},"modified":"2026-01-14T10:28:00","modified_gmt":"2026-01-14T09:28:00","slug":"rdv-dimanche-18-janvier-algajola","status":"publish","type":"post","link":"https:\/\/citadinisulidarii.org\/?p=318","title":{"rendered":"RDV DIMANCHE 18 JANVIER ALGAJOLA"},"content":{"rendered":"\t\t<div data-elementor-type=\"wp-post\" data-elementor-id=\"318\" class=\"elementor elementor-318\">\n\t\t\t\t<div class=\"elementor-element elementor-element-e3f9c42 e-flex e-con-boxed e-con e-parent\" data-id=\"e3f9c42\" data-element_type=\"container\">\n\t\t\t\t\t<div class=\"e-con-inner\">\n\t\t\t\t<div class=\"elementor-element elementor-element-2015878 elementor-widget elementor-widget-text-editor\" data-id=\"2015878\" data-element_type=\"widget\" data-widget_type=\"text-editor.default\">\n\t\t\t\t\t\t\t\t\t<p style=\"font-weight: 400;\">Pour inaugurer l&rsquo;ann\u00e9e 2026 nous vous invitons \u00e0 participer \u00e0 un d\u00e9bat\u00a0citoyen\u00a0le <strong>dimanche 18 janvier \u00e0 10:00<\/strong> au th\u00e9\u00e2tre d\u2019Algajola (local de l\u2019AFCA terre-plein \u00e0 proximit\u00e9 de la gare de l\u2019autre c\u00f4t\u00e9 de la voie ferr\u00e9e).<\/p><p style=\"font-weight: 400;\">\u00a0\u00bb src=\u00a0\u00bbcid:ii_mipw4tj14&Prime; alt=\u00a0\u00bbad864e1c-ea9c-4c99-a6e8-74f6718dfc6a.png\u00a0\u00bb class=\u00a0\u00bbgmail-CToWUd gmail-a6T Apple-web-attachment Singleton\u00a0\u00bb tabindex=\u00a0\u00bb0&Prime; style=\u00a0\u00bbcursor: pointer; outline: 0px; opacity: 1;\u00a0\u00bb&gt;<\/p><p>Dans un monde anxiog\u00e8ne o\u00f9 la loi du plus fort semble dominer, o\u00f9 le rejet de \u00ab\u00a0 l\u2019autre\u00a0\u00bb et l\u2019exclusion prennent de plus en plus de place dans l\u2019espace public, que pouvons-nous faire localement ? Comment faire avancer les id\u00e9es de paix et de solidarit\u00e9 ?\u00a0<\/p><p>Citadini Sulidarii vous invite \u00e0 venir en discuter et\u00a0en d\u00e9battre dimanche au th\u00e9\u00e2tre d\u2019Algajola autour d\u2019un caf\u00e9 &#8211; rencontre. Apportez ce que vous voulez ; vos id\u00e9es bien s\u00fbr mais aussi vos recommandations d&rsquo;articles, de livres, de films, de podcasts ou vos envies de partage sur le th\u00e8me propos\u00e9.<\/p><p>Outre votre pr\u00e9sence vivement souhait\u00e9e n&rsquo;h\u00e9sitez pas \u00e0 relayer cette invitation \u00e0 vos proches et connaissances afin d&rsquo;\u00eatre le plus nombreux possible dimanche prochain.<\/p><p>Citadini Sulidarii &#8211; Citoyen.ne.s Solidaires<\/p>\t\t\t\t\t\t\t\t<\/div>\n\t\t\t\t\t<\/div>\n\t\t\t\t<\/div>\n\t\t\t\t<\/div>\n\t\t","protected":false},"excerpt":{"rendered":"<p>Pour inaugurer l&rsquo;ann\u00e9e 2026 nous vous invitons \u00e0 participer \u00e0 un d\u00e9bat\u00a0citoyen\u00a0le dimanche 18 janvier \u00e0 10:00 au th\u00e9\u00e2tre d\u2019Algajola (local de l\u2019AFCA terre-plein \u00e0 proximit\u00e9 de la gare de l\u2019autre c\u00f4t\u00e9 de la voie ferr\u00e9e). \u00a0\u00bb src=\u00a0\u00bbcid:ii_mipw4tj14&Prime; alt=\u00a0\u00bbad864e1c-ea9c-4c99-a6e8-74f6718dfc6a.png\u00a0\u00bb tabindex=\u00a0\u00bb0&Prime; style=\u00a0\u00bbcursor: pointer; outline: 0px; opacity: 1;\u00a0\u00bb&gt; Dans un monde anxiog\u00e8ne o\u00f9 la loi du plus [&hellip;]<\/p>\n","protected":false},"author":1,"featured_media":320,"comment_status":"open","ping_status":"open","sticky":false,"template":"","format":"standard","meta":{"footnotes":""},"categories":[1],"tags":[],"class_list":["post-318","post","type-post","status-publish","format-standard","has-post-thumbnail","hentry","category-non-classe"],"_links":{"self":[{"href":"https:\/\/citadinisulidarii.org\/index.php?rest_route=\/wp\/v2\/posts\/318","targetHints":{"allow":["GET"]}}],"collection":[{"href":"https:\/\/citadinisulidarii.org\/index.php?rest_route=\/wp\/v2\/posts"}],"about":[{"href":"https:\/\/citadinisulidarii.org\/index.php?rest_route=\/wp\/v2\/types\/post"}],"author":[{"embeddable":true,"href":"https:\/\/citadinisulidarii.org\/index.php?rest_route=\/wp\/v2\/users\/1"}],"replies":[{"embeddable":true,"href":"https:\/\/citadinisulidarii.org\/index.php?rest_route=%2Fwp%2Fv2%2Fcomments&post=318"}],"version-history":[{"count":4,"href":"https:\/\/citadinisulidarii.org\/index.php?rest_route=\/wp\/v2\/posts\/318\/revisions"}],"predecessor-version":[{"id":323,"href":"https:\/\/citadinisulidarii.org\/index.php?rest_route=\/wp\/v2\/posts\/318\/revisions\/323"}],"wp:featuredmedia":[{"embeddable":true,"href":"https:\/\/citadinisulidarii.org\/index.php?rest_route=\/wp\/v2\/media\/320"}],"wp:attachment":[{"href":"https:\/\/citadinisulidarii.org\/index.php?rest_route=%2Fwp%2Fv2%2Fmedia&parent=318"}],"wp:term":[{"taxonomy":"category","embeddable":true,"href":"https:\/\/citadinisulidarii.org\/index.php?rest_route=%2Fwp%2Fv2%2Fcategories&post=318"},{"taxonomy":"post_tag","embeddable":true,"href":"https:\/\/citadinisulidarii.org\/index.php?rest_route=%2Fwp%2Fv2%2Ftags&post=318"}],"curies":[{"name":"wp","href":"https:\/\/api.w.org\/{rel}","templated":true}]}}